{"id":6824,"date":"2026-03-13T15:14:09","date_gmt":"2026-03-13T14:14:09","guid":{"rendered":"https:\/\/schwimmen-vfrsimmern.de\/?p=6824"},"modified":"2026-03-13T15:14:09","modified_gmt":"2026-03-13T14:14:09","slug":"goldhagel-bei-den-bezirksmeisterschaften-in-idar-oberstein","status":"publish","type":"post","link":"https:\/\/schwimmen-vfrsimmern.de\/index.php\/2026\/03\/13\/goldhagel-bei-den-bezirksmeisterschaften-in-idar-oberstein\/","title":{"rendered":"Goldhagel bei den Bezirksmeisterschaften in Idar-Oberstein"},"content":{"rendered":"<div class=\"fusion-fullwidth fullwidth-box fusion-builder-row-1 fusion-flex-container nonhundred-percent-fullwidth non-hundred-percent-height-scrolling\" style=\"--awb-border-radius-top-left:0px;--awb-border-radius-top-right:0px;--awb-border-radius-bottom-right:0px;--awb-border-radius-bottom-left:0px;--awb-flex-wrap:wrap;\" ><div class=\"fusion-builder-row fusion-row fusion-flex-align-items-flex-start fusion-flex-content-wrap\" style=\"max-width:1248px;margin-left: calc(-4% \/ 2 );margin-right: calc(-4% \/ 2 );\"><div class=\"fusion-layout-column fusion_builder_column fusion-builder-column-0 fusion_builder_column_1_1 1_1 fusion-flex-column\" style=\"--awb-bg-size:cover;--awb-width-large:100%;--awb-margin-top-large:0px;--awb-spacing-right-large:1.92%;--awb-margin-bottom-large:0px;--awb-spacing-left-large:1.92%;--awb-width-medium:100%;--awb-spacing-right-medium:1.92%;--awb-spacing-left-medium:1.92%;--awb-width-small:100%;--awb-spacing-right-small:1.92%;--awb-spacing-left-small:1.92%;\"><div class=\"fusion-column-wrapper fusion-flex-justify-content-flex-start fusion-content-layout-column\"><div class=\"fusion-text fusion-text-1\"><p>Am letzten Wochenende hatte der TV 1848 Oberstein als Ausrichter zu den Bezirksmeisterschaften des Schwimmverbandes Rheinland Nahe geladen. Unsere Schwimmer demonstrierten unsere Vormachtstellung im Bezirk mit 123 Treppchen-Platzierungen, wobei in Summe allein 76 Gold Medaillen resultierten. Abgesehen vom Medaillenspiegel, den wir klar f\u00fcr uns entschieden, wurden fast 90 pers\u00f6nliche Rekorde erschwommen. Abgesehen von den starken Einzelleistungen unserer Schwimmer kr\u00f6nte sich sowohl die I. Mannschaft der Damen mit Lina M\u00fcller, Leyna Weber, Becker Ida und Marit-Henrike Trapp und die I. Herrenmannschaft mit David Reuther, Maxi Sch\u00e4fer, Fynn-Lasse Baumg\u00e4rtner und Marlon Bohn zum Bezirksmeister \u00fcber die 4&#215;100 Freistil Staffel. Herzlichen Gl\u00fcckwunsch!<\/p>\n<\/div><\/div><\/div><div class=\"fusion-layout-column fusion_builder_column fusion-builder-column-1 fusion_builder_column_1_2 1_2 fusion-flex-column\" style=\"--awb-bg-size:cover;--awb-width-large:50%;--awb-margin-top-large:0px;--awb-spacing-right-large:3.84%;--awb-margin-bottom-large:20px;--awb-spacing-left-large:3.84%;--awb-width-medium:50%;--awb-order-medium:0;--awb-spacing-right-medium:3.84%;--awb-spacing-left-medium:3.84%;--awb-width-small:100%;--awb-order-small:0;--awb-spacing-right-small:1.92%;--awb-spacing-left-small:1.92%;\"><div class=\"fusion-column-wrapper fusion-column-has-shadow fusion-flex-justify-content-flex-start fusion-content-layout-column\"><div class=\"fusion-image-element \" style=\"--awb-caption-title-font-family:var(--h2_typography-font-family);--awb-caption-title-font-weight:var(--h2_typography-font-weight);--awb-caption-title-font-style:var(--h2_typography-font-style);--awb-caption-title-size:var(--h2_typography-font-size);--awb-caption-title-transform:var(--h2_typography-text-transform);--awb-caption-title-line-height:var(--h2_typography-line-height);--awb-caption-title-letter-spacing:var(--h2_typography-letter-spacing);\"><span class=\" fusion-imageframe imageframe-none imageframe-1 hover-type-none\"><img decoding=\"async\" width=\"1536\" height=\"2048\" title=\"de71458e-5372-4565-94ef-675a58fbb80a\" src=\"https:\/\/schwimmen-vfrsimmern.de\/wp-content\/uploads\/2026\/03\/de71458e-5372-4565-94ef-675a58fbb80a.jpg\" alt class=\"img-responsive wp-image-6827\" srcset=\"https:\/\/schwimmen-vfrsimmern.de\/wp-content\/uploads\/2026\/03\/de71458e-5372-4565-94ef-675a58fbb80a-200x267.jpg 200w, https:\/\/schwimmen-vfrsimmern.de\/wp-content\/uploads\/2026\/03\/de71458e-5372-4565-94ef-675a58fbb80a-400x533.jpg 400w, https:\/\/schwimmen-vfrsimmern.de\/wp-content\/uploads\/2026\/03\/de71458e-5372-4565-94ef-675a58fbb80a-600x800.jpg 600w, https:\/\/schwimmen-vfrsimmern.de\/wp-content\/uploads\/2026\/03\/de71458e-5372-4565-94ef-675a58fbb80a-800x1067.jpg 800w, https:\/\/schwimmen-vfrsimmern.de\/wp-content\/uploads\/2026\/03\/de71458e-5372-4565-94ef-675a58fbb80a-1200x1600.jpg 1200w, https:\/\/schwimmen-vfrsimmern.de\/wp-content\/uploads\/2026\/03\/de71458e-5372-4565-94ef-675a58fbb80a.jpg 1536w\" sizes=\"(max-width: 640px) 100vw, 600px\" \/><\/span><\/div><\/div><\/div><div class=\"fusion-layout-column fusion_builder_column fusion-builder-column-2 fusion_builder_column_1_2 1_2 fusion-flex-column\" style=\"--awb-bg-size:cover;--awb-width-large:50%;--awb-margin-top-large:0px;--awb-spacing-right-large:3.84%;--awb-margin-bottom-large:20px;--awb-spacing-left-large:3.84%;--awb-width-medium:50%;--awb-order-medium:0;--awb-spacing-right-medium:3.84%;--awb-spacing-left-medium:3.84%;--awb-width-small:100%;--awb-order-small:0;--awb-spacing-right-small:1.92%;--awb-spacing-left-small:1.92%;\"><div class=\"fusion-column-wrapper fusion-column-has-shadow fusion-flex-justify-content-flex-start fusion-content-layout-column\"><div class=\"fusion-image-element \" style=\"--awb-caption-title-font-family:var(--h2_typography-font-family);--awb-caption-title-font-weight:var(--h2_typography-font-weight);--awb-caption-title-font-style:var(--h2_typography-font-style);--awb-caption-title-size:var(--h2_typography-font-size);--awb-caption-title-transform:var(--h2_typography-text-transform);--awb-caption-title-line-height:var(--h2_typography-line-height);--awb-caption-title-letter-spacing:var(--h2_typography-letter-spacing);\"><span class=\" fusion-imageframe imageframe-none imageframe-2 hover-type-none\"><img decoding=\"async\" width=\"1536\" height=\"2048\" title=\"59990ccf-5003-41ca-923c-361ad0cc67e0\" src=\"https:\/\/schwimmen-vfrsimmern.de\/wp-content\/uploads\/2026\/03\/59990ccf-5003-41ca-923c-361ad0cc67e0.jpg\" alt class=\"img-responsive wp-image-6828\" srcset=\"https:\/\/schwimmen-vfrsimmern.de\/wp-content\/uploads\/2026\/03\/59990ccf-5003-41ca-923c-361ad0cc67e0-200x267.jpg 200w, https:\/\/schwimmen-vfrsimmern.de\/wp-content\/uploads\/2026\/03\/59990ccf-5003-41ca-923c-361ad0cc67e0-400x533.jpg 400w, https:\/\/schwimmen-vfrsimmern.de\/wp-content\/uploads\/2026\/03\/59990ccf-5003-41ca-923c-361ad0cc67e0-600x800.jpg 600w, https:\/\/schwimmen-vfrsimmern.de\/wp-content\/uploads\/2026\/03\/59990ccf-5003-41ca-923c-361ad0cc67e0-800x1067.jpg 800w, https:\/\/schwimmen-vfrsimmern.de\/wp-content\/uploads\/2026\/03\/59990ccf-5003-41ca-923c-361ad0cc67e0-1200x1600.jpg 1200w, https:\/\/schwimmen-vfrsimmern.de\/wp-content\/uploads\/2026\/03\/59990ccf-5003-41ca-923c-361ad0cc67e0.jpg 1536w\" sizes=\"(max-width: 640px) 100vw, 600px\" \/><\/span><\/div><\/div><\/div><\/div><\/div>","protected":false},"excerpt":{"rendered":"","protected":false},"author":5,"featured_media":0,"comment_status":"closed","ping_status":"closed","sticky":false,"template":"","format":"standard","meta":{"_bbp_topic_count":0,"_bbp_reply_count":0,"_bbp_total_topic_count":0,"_bbp_total_reply_count":0,"_bbp_voice_count":0,"_bbp_anonymous_reply_count":0,"_bbp_topic_count_hidden":0,"_bbp_reply_count_hidden":0,"_bbp_forum_subforum_count":0,"footnotes":""},"categories":[1],"tags":[],"class_list":["post-6824","post","type-post","status-publish","format-standard","hentry","category-allgemein"],"_links":{"self":[{"href":"https:\/\/schwimmen-vfrsimmern.de\/index.php\/wp-json\/wp\/v2\/posts\/6824","targetHints":{"allow":["GET"]}}],"collection":[{"href":"https:\/\/schwimmen-vfrsimmern.de\/index.php\/wp-json\/wp\/v2\/posts"}],"about":[{"href":"https:\/\/schwimmen-vfrsimmern.de\/index.php\/wp-json\/wp\/v2\/types\/post"}],"author":[{"embeddable":true,"href":"https:\/\/schwimmen-vfrsimmern.de\/index.php\/wp-json\/wp\/v2\/users\/5"}],"replies":[{"embeddable":true,"href":"https:\/\/schwimmen-vfrsimmern.de\/index.php\/wp-json\/wp\/v2\/comments?post=6824"}],"version-history":[{"count":2,"href":"https:\/\/schwimmen-vfrsimmern.de\/index.php\/wp-json\/wp\/v2\/posts\/6824\/revisions"}],"predecessor-version":[{"id":6830,"href":"https:\/\/schwimmen-vfrsimmern.de\/index.php\/wp-json\/wp\/v2\/posts\/6824\/revisions\/6830"}],"wp:attachment":[{"href":"https:\/\/schwimmen-vfrsimmern.de\/index.php\/wp-json\/wp\/v2\/media?parent=6824"}],"wp:term":[{"taxonomy":"category","embeddable":true,"href":"https:\/\/schwimmen-vfrsimmern.de\/index.php\/wp-json\/wp\/v2\/categories?post=6824"},{"taxonomy":"post_tag","embeddable":true,"href":"https:\/\/schwimmen-vfrsimmern.de\/index.php\/wp-json\/wp\/v2\/tags?post=6824"}],"curies":[{"name":"wp","href":"https:\/\/api.w.org\/{rel}","templated":true}]}}