{"id":6590,"date":"2025-11-17T15:02:31","date_gmt":"2025-11-17T14:02:31","guid":{"rendered":"https:\/\/schwimmen-vfrsimmern.de\/?p=6590"},"modified":"2025-11-19T19:40:28","modified_gmt":"2025-11-19T18:40:28","slug":"erfolgreiche-premiere-beim-1-salinacup-des-vfl-bad-kreuznach","status":"publish","type":"post","link":"https:\/\/schwimmen-vfrsimmern.de\/index.php\/2025\/11\/17\/erfolgreiche-premiere-beim-1-salinacup-des-vfl-bad-kreuznach\/","title":{"rendered":"Erfolgreiche Premiere beim 1. Salinacup des VfL Bad Kreuznach"},"content":{"rendered":"<div class=\"fusion-fullwidth fullwidth-box fusion-builder-row-1 fusion-flex-container nonhundred-percent-fullwidth non-hundred-percent-height-scrolling\" style=\"--awb-border-radius-top-left:0px;--awb-border-radius-top-right:0px;--awb-border-radius-bottom-right:0px;--awb-border-radius-bottom-left:0px;--awb-flex-wrap:wrap;\" ><div class=\"fusion-builder-row fusion-row fusion-flex-align-items-flex-start fusion-flex-content-wrap\" style=\"max-width:1248px;margin-left: calc(-4% \/ 2 );margin-right: calc(-4% \/ 2 );\"><div class=\"fusion-layout-column fusion_builder_column fusion-builder-column-0 fusion_builder_column_1_1 1_1 fusion-flex-column\" style=\"--awb-bg-size:cover;--awb-width-large:100%;--awb-margin-top-large:0px;--awb-spacing-right-large:1.92%;--awb-margin-bottom-large:0px;--awb-spacing-left-large:1.92%;--awb-width-medium:100%;--awb-spacing-right-medium:1.92%;--awb-spacing-left-medium:1.92%;--awb-width-small:100%;--awb-spacing-right-small:1.92%;--awb-spacing-left-small:1.92%;\"><div class=\"fusion-column-wrapper fusion-flex-justify-content-flex-start fusion-content-layout-column\"><div class=\"fusion-text fusion-text-1\"><p style=\"font-weight: 400;\">Am 15. November 2025 nahmen wir, trotz 6 krankheitsbedingter Ausf\u00e4lle, mit 28 Schwimmerinnen und Schwimmern am 1. Salinacup des VfL Bad Kreuznach teil. Der neue Wettkampf, als Alternative zum Nikolaus-Schwimmfest gedacht, bot besonders unserem Nachwuchs eine ideale Gelegenheit, erste Erfahrungen zu sammeln.<\/p>\n<p style=\"font-weight: 400;\">Mit 92 Starts und beeindruckenden 82 Medaillen kehrten wir nach Hause zur\u00fcck: 45 Gold-, 29 Silber- und 8 Bronzemedaillen gingen an unser Team. F\u00fcr viele unserer j\u00fcngsten Teilnehmenden war es ein gelungener erster gro\u00dfer Auftritt, bei dem sie sich motiviert und selbstbewusst pr\u00e4sentierten.<\/p>\n<p style=\"font-weight: 400;\">Die Premiere des Salinacups \u00fcberzeugte durch eine nette, kindgerechte Wettkampfatmosph\u00e4re, gute Organisation und starke Teamleistungen mit prickelnder Stimmung in unseren Reihen!<\/p>\n<p style=\"font-weight: 400;\">\n<\/div><\/div><\/div><div class=\"fusion-layout-column fusion_builder_column fusion-builder-column-1 fusion_builder_column_1_1 1_1 fusion-flex-column\" style=\"--awb-bg-size:cover;--awb-width-large:100%;--awb-margin-top-large:0px;--awb-spacing-right-large:1.92%;--awb-margin-bottom-large:20px;--awb-spacing-left-large:1.92%;--awb-width-medium:100%;--awb-order-medium:0;--awb-spacing-right-medium:1.92%;--awb-spacing-left-medium:1.92%;--awb-width-small:100%;--awb-order-small:0;--awb-spacing-right-small:1.92%;--awb-spacing-left-small:1.92%;\"><div class=\"fusion-column-wrapper fusion-column-has-shadow fusion-flex-justify-content-flex-start fusion-content-layout-column\"><div class=\"fusion-image-carousel fusion-image-carousel-auto fusion-image-carousel-1\"><div class=\"awb-carousel awb-swiper awb-swiper-carousel awb-carousel--coverflow awb-swiper-dots-position-bottom\" data-layout=\"coverflow\" data-autoplay=\"no\" data-autoplayspeed=\"2500\" data-autoplaypause=\"no\" data-loop=\"yes\" data-columns=\"3.0\" data-columnsmedium=\"1\" data-columnssmall=\"1\" data-itemmargin=\"13\" data-itemwidth=\"180\" data-touchscroll=\"no\" data-freemode=\"no\" data-imagesize=\"auto\" data-scrollitems=\"0\" data-centeredslides=\"no\" data-rotationangle=\"19\" data-depth=\"82\" data-speed=\"500\" data-shadow=\"no\" data-pagination=\"bullets\" style=\"--awb-columns:3.0;--awb-dots-align:center;\"><div class=\"swiper-wrapper awb-image-carousel-wrapper fusion-flex-align-items-center\"><div class=\"swiper-slide\"><div class=\"fusion-carousel-item-wrapper\"><div class=\"fusion-image-wrapper hover-type-none\"><img decoding=\"async\" width=\"1920\" height=\"2560\" src=\"https:\/\/schwimmen-vfrsimmern.de\/wp-content\/uploads\/2025\/11\/IMG_3943-scaled.jpeg\" class=\"attachment-full size-full\" alt=\"\" srcset=\"https:\/\/schwimmen-vfrsimmern.de\/wp-content\/uploads\/2025\/11\/IMG_3943-200x267.jpeg 200w, https:\/\/schwimmen-vfrsimmern.de\/wp-content\/uploads\/2025\/11\/IMG_3943-400x533.jpeg 400w, https:\/\/schwimmen-vfrsimmern.de\/wp-content\/uploads\/2025\/11\/IMG_3943-600x800.jpeg 600w, https:\/\/schwimmen-vfrsimmern.de\/wp-content\/uploads\/2025\/11\/IMG_3943-800x1067.jpeg 800w, https:\/\/schwimmen-vfrsimmern.de\/wp-content\/uploads\/2025\/11\/IMG_3943-1200x1600.jpeg 1200w, https:\/\/schwimmen-vfrsimmern.de\/wp-content\/uploads\/2025\/11\/IMG_3943-scaled.jpeg 1920w\" sizes=\"(min-width: 2200px) 100vw, (min-width: 784px) 391px, (min-width: 712px) 587px, (min-width: 640px) 712px, \" \/><\/div><\/div><\/div><div class=\"swiper-slide\"><div class=\"fusion-carousel-item-wrapper\"><div class=\"fusion-image-wrapper hover-type-none\"><img decoding=\"async\" width=\"2560\" height=\"1920\" src=\"https:\/\/schwimmen-vfrsimmern.de\/wp-content\/uploads\/2025\/11\/IMG_3908-scaled.jpeg\" class=\"attachment-full size-full\" alt=\"\" srcset=\"https:\/\/schwimmen-vfrsimmern.de\/wp-content\/uploads\/2025\/11\/IMG_3908-200x150.jpeg 200w, https:\/\/schwimmen-vfrsimmern.de\/wp-content\/uploads\/2025\/11\/IMG_3908-400x300.jpeg 400w, https:\/\/schwimmen-vfrsimmern.de\/wp-content\/uploads\/2025\/11\/IMG_3908-600x450.jpeg 600w, https:\/\/schwimmen-vfrsimmern.de\/wp-content\/uploads\/2025\/11\/IMG_3908-800x600.jpeg 800w, https:\/\/schwimmen-vfrsimmern.de\/wp-content\/uploads\/2025\/11\/IMG_3908-scaled.jpeg 2560w\" sizes=\"(min-width: 2200px) 100vw, (min-width: 784px) 391px, (min-width: 712px) 587px, (min-width: 640px) 712px, \" \/><\/div><\/div><\/div><div class=\"swiper-slide\"><div class=\"fusion-carousel-item-wrapper\"><div class=\"fusion-image-wrapper hover-type-none\"><img decoding=\"async\" width=\"1920\" height=\"2560\" src=\"https:\/\/schwimmen-vfrsimmern.de\/wp-content\/uploads\/2025\/11\/IMG_3914-scaled.jpeg\" class=\"attachment-full size-full\" alt=\"\" srcset=\"https:\/\/schwimmen-vfrsimmern.de\/wp-content\/uploads\/2025\/11\/IMG_3914-200x267.jpeg 200w, https:\/\/schwimmen-vfrsimmern.de\/wp-content\/uploads\/2025\/11\/IMG_3914-400x533.jpeg 400w, https:\/\/schwimmen-vfrsimmern.de\/wp-content\/uploads\/2025\/11\/IMG_3914-600x800.jpeg 600w, https:\/\/schwimmen-vfrsimmern.de\/wp-content\/uploads\/2025\/11\/IMG_3914-scaled.jpeg 1920w\" sizes=\"(min-width: 2200px) 100vw, (min-width: 784px) 391px, (min-width: 712px) 587px, (min-width: 640px) 712px, \" \/><\/div><\/div><\/div><div class=\"swiper-slide\"><div class=\"fusion-carousel-item-wrapper\"><div class=\"fusion-image-wrapper hover-type-none\"><img decoding=\"async\" width=\"2561\" height=\"1923\" src=\"https:\/\/schwimmen-vfrsimmern.de\/wp-content\/uploads\/2025\/11\/IMG_3938.jpeg\" class=\"attachment-full size-full\" alt=\"\" srcset=\"https:\/\/schwimmen-vfrsimmern.de\/wp-content\/uploads\/2025\/11\/IMG_3938-200x150.jpeg 200w, https:\/\/schwimmen-vfrsimmern.de\/wp-content\/uploads\/2025\/11\/IMG_3938-400x300.jpeg 400w, https:\/\/schwimmen-vfrsimmern.de\/wp-content\/uploads\/2025\/11\/IMG_3938-600x451.jpeg 600w, https:\/\/schwimmen-vfrsimmern.de\/wp-content\/uploads\/2025\/11\/IMG_3938-800x601.jpeg 800w, https:\/\/schwimmen-vfrsimmern.de\/wp-content\/uploads\/2025\/11\/IMG_3938-1200x901.jpeg 1200w, https:\/\/schwimmen-vfrsimmern.de\/wp-content\/uploads\/2025\/11\/IMG_3938.jpeg 2561w\" sizes=\"(min-width: 2200px) 100vw, (min-width: 784px) 391px, (min-width: 712px) 587px, (min-width: 640px) 712px, \" \/><\/div><\/div><\/div><div class=\"swiper-slide\"><div class=\"fusion-carousel-item-wrapper\"><div class=\"fusion-image-wrapper hover-type-none\"><img decoding=\"async\" width=\"1920\" height=\"2560\" src=\"https:\/\/schwimmen-vfrsimmern.de\/wp-content\/uploads\/2025\/11\/IMG_3918-scaled.jpeg\" class=\"attachment-full size-full\" alt=\"\" srcset=\"https:\/\/schwimmen-vfrsimmern.de\/wp-content\/uploads\/2025\/11\/IMG_3918-200x267.jpeg 200w, https:\/\/schwimmen-vfrsimmern.de\/wp-content\/uploads\/2025\/11\/IMG_3918-400x533.jpeg 400w, https:\/\/schwimmen-vfrsimmern.de\/wp-content\/uploads\/2025\/11\/IMG_3918-600x800.jpeg 600w, https:\/\/schwimmen-vfrsimmern.de\/wp-content\/uploads\/2025\/11\/IMG_3918-scaled.jpeg 1920w\" sizes=\"(min-width: 2200px) 100vw, (min-width: 784px) 391px, (min-width: 712px) 587px, (min-width: 640px) 712px, \" \/><\/div><\/div><\/div><\/div><div class=\"awb-swiper-button awb-swiper-button-prev\"><i class=\"awb-icon-angle-left\" aria-hidden=\"true\"><\/i><\/div><div class=\"awb-swiper-button awb-swiper-button-next\"><i class=\"awb-icon-angle-right\" aria-hidden=\"true\"><\/i><\/div><\/div><\/div><\/div><\/div><\/div><\/div>\n","protected":false},"excerpt":{"rendered":"","protected":false},"author":5,"featured_media":6591,"comment_status":"closed","ping_status":"closed","sticky":false,"template":"","format":"standard","meta":{"_bbp_topic_count":0,"_bbp_reply_count":0,"_bbp_total_topic_count":0,"_bbp_total_reply_count":0,"_bbp_voice_count":0,"_bbp_anonymous_reply_count":0,"_bbp_topic_count_hidden":0,"_bbp_reply_count_hidden":0,"_bbp_forum_subforum_count":0,"footnotes":""},"categories":[1],"tags":[],"class_list":["post-6590","post","type-post","status-publish","format-standard","has-post-thumbnail","hentry","category-allgemein"],"_links":{"self":[{"href":"https:\/\/schwimmen-vfrsimmern.de\/index.php\/wp-json\/wp\/v2\/posts\/6590","targetHints":{"allow":["GET"]}}],"collection":[{"href":"https:\/\/schwimmen-vfrsimmern.de\/index.php\/wp-json\/wp\/v2\/posts"}],"about":[{"href":"https:\/\/schwimmen-vfrsimmern.de\/index.php\/wp-json\/wp\/v2\/types\/post"}],"author":[{"embeddable":true,"href":"https:\/\/schwimmen-vfrsimmern.de\/index.php\/wp-json\/wp\/v2\/users\/5"}],"replies":[{"embeddable":true,"href":"https:\/\/schwimmen-vfrsimmern.de\/index.php\/wp-json\/wp\/v2\/comments?post=6590"}],"version-history":[{"count":3,"href":"https:\/\/schwimmen-vfrsimmern.de\/index.php\/wp-json\/wp\/v2\/posts\/6590\/revisions"}],"predecessor-version":[{"id":6625,"href":"https:\/\/schwimmen-vfrsimmern.de\/index.php\/wp-json\/wp\/v2\/posts\/6590\/revisions\/6625"}],"wp:featuredmedia":[{"embeddable":true,"href":"https:\/\/schwimmen-vfrsimmern.de\/index.php\/wp-json\/wp\/v2\/media\/6591"}],"wp:attachment":[{"href":"https:\/\/schwimmen-vfrsimmern.de\/index.php\/wp-json\/wp\/v2\/media?parent=6590"}],"wp:term":[{"taxonomy":"category","embeddable":true,"href":"https:\/\/schwimmen-vfrsimmern.de\/index.php\/wp-json\/wp\/v2\/categories?post=6590"},{"taxonomy":"post_tag","embeddable":true,"href":"https:\/\/schwimmen-vfrsimmern.de\/index.php\/wp-json\/wp\/v2\/tags?post=6590"}],"curies":[{"name":"wp","href":"https:\/\/api.w.org\/{rel}","templated":true}]}}