{"id":5619,"date":"2024-03-21T20:07:56","date_gmt":"2024-03-21T20:07:56","guid":{"rendered":"https:\/\/schwimmen-vfrsimmern.de\/?p=5272"},"modified":"2024-03-21T20:07:56","modified_gmt":"2024-03-21T20:07:56","slug":"erfolgreich-an-zwei-fronten","status":"publish","type":"post","link":"https:\/\/schwimmen-vfrsimmern.de\/index.php\/2024\/03\/21\/erfolgreich-an-zwei-fronten\/","title":{"rendered":"Erfolgreich an zwei Fronten!"},"content":{"rendered":"<p style=\"margin: 0cm; font-size: medium; font-family: Calibri, sans-serif; caret-color: #000000; color: #000000;\">Gro\u00dfes Olympisches Becken mit 8 50m-Bahnen &#8211; 49 Vereine aus ganz Deutschland \u2013 740 Teilnehmer und 3500 Starts \u2013 ein tolles Erlebnis war das Schwimmfest der TSG Darmstadt am 16.\/17. M\u00e4rz. Wir waren mit 13 Schwimmer*innen am Start und konnten sogar 5 Medaillen ergattern: Lilli Bender erreichte den 2. Platz auf 400m und den 3. Platz auf 200m Freistil, Alina Huhn wurde Zweitplatzierte auf 200m Brust, ihre Schwester Jule Huhn gewann Gold auf 200m Lagen und Bronze auf 100m Freistil.<\/p>\n<p style=\"margin: 0cm; font-size: medium; font-family: Calibri, sans-serif; caret-color: #000000; color: #000000;\">Aber alle waren angesteckt von der professionellen Wettkampfatmosph\u00e4re, 65% aller Starts wurden zu pers\u00f6nlichen Bestzeiten &#8211; Jan-Luca M\u00fchlbach und Jule Huhn gelang sogar die Qualifikation f\u00fcr die S\u00fcddeutschen Meisterschaften, die vom 03.-05. Mai in Ingolstadt ausgetragen werden!<\/p>\n<p style=\"margin: 0cm; font-size: medium; font-family: Calibri, sans-serif; caret-color: #000000; color: #000000;\">Parallel dazu waren wir mit gro\u00dfartigen 23 Nachwuchsschwimmer*innen beim 6. Schwimmertreff des SV Kirchheimbolanden vertreten. F\u00fcr viele war es der erste ausw\u00e4rtige Wettkampf \u2013 aller Aufregung zum Trotz kann auch dieses Ergebnis sich sehen lassen: Bei 92 Starts wurden 29 Gold-, 20 Silber-, und 9 Bronze-Medaillen erk\u00e4mpft!&nbsp;<\/p>\n<p style=\"margin: 0cm; font-size: medium; font-family: Calibri, sans-serif; caret-color: #000000; color: #000000;\">\u201eEs hat gro\u00dfen Spa\u00df gemacht die Schwimmer bei diesen Wettk\u00e4mpfen zu betreuen und zu sehen, welche Fortschritte sie gemacht haben!\u201c, resumiert Trainer Michael Lyczkowski im Namen aller Trainer! Das gibt doch Motivation f\u00fcr das anstehende Trainingslager!<\/p>\n<p style=\"margin: 0cm; font-size: medium; font-family: Calibri, sans-serif; caret-color: #000000; color: #000000;\"><i>Verfasserin: Caroline Bohn<\/i><\/p>\n<figure><img decoding=\"async\" src=\"https:\/\/schwimmen-vfrsimmern.de\/wp-content\/uploads\/2024\/03\/2024.03.17_Darmstadt2_Caro-150x150.jpg\" alt=\"2024.03.17_Darmstadt2_Caro\" \/><\/figure>\n<figure><img decoding=\"async\" src=\"https:\/\/schwimmen-vfrsimmern.de\/wp-content\/uploads\/2024\/03\/2024.03.16_Kibo_NoahForster_Caro.heic\" alt=\"2024.03.16_Kibo_NoahForster_Caro\" \/><\/figure>\n<figure><img decoding=\"async\" src=\"https:\/\/schwimmen-vfrsimmern.de\/wp-content\/uploads\/2024\/03\/2024.03.16_Kibo_LeniSchaefer_Caro.heic\" alt=\"2024.03.16_Kibo_LeniSch\u00e4fer_Caro\" \/><\/figure>\n<figure><img decoding=\"async\" src=\"https:\/\/schwimmen-vfrsimmern.de\/wp-content\/uploads\/2024\/03\/2024.03.17_Darmstadt_Caro.heic\" alt=\"2024.03.17_Darmstadt_Caro\" \/><\/figure>\n","protected":false},"excerpt":{"rendered":"<p>Gro\u00dfes Olympisches Becken mit 8 50m-Bahnen &#8211; 49 Vereine aus  [&#8230;]<\/p>\n","protected":false},"author":4,"featured_media":0,"comment_status":"open","ping_status":"open","sticky":false,"template":"","format":"standard","meta":{"_bbp_topic_count":0,"_bbp_reply_count":0,"_bbp_total_topic_count":0,"_bbp_total_reply_count":0,"_bbp_voice_count":0,"_bbp_anonymous_reply_count":0,"_bbp_topic_count_hidden":0,"_bbp_reply_count_hidden":0,"_bbp_forum_subforum_count":0,"footnotes":""},"categories":[1],"tags":[],"class_list":["post-5619","post","type-post","status-publish","format-standard","hentry","category-allgemein"],"_links":{"self":[{"href":"https:\/\/schwimmen-vfrsimmern.de\/index.php\/wp-json\/wp\/v2\/posts\/5619","targetHints":{"allow":["GET"]}}],"collection":[{"href":"https:\/\/schwimmen-vfrsimmern.de\/index.php\/wp-json\/wp\/v2\/posts"}],"about":[{"href":"https:\/\/schwimmen-vfrsimmern.de\/index.php\/wp-json\/wp\/v2\/types\/post"}],"author":[{"embeddable":true,"href":"https:\/\/schwimmen-vfrsimmern.de\/index.php\/wp-json\/wp\/v2\/users\/4"}],"replies":[{"embeddable":true,"href":"https:\/\/schwimmen-vfrsimmern.de\/index.php\/wp-json\/wp\/v2\/comments?post=5619"}],"version-history":[{"count":0,"href":"https:\/\/schwimmen-vfrsimmern.de\/index.php\/wp-json\/wp\/v2\/posts\/5619\/revisions"}],"wp:attachment":[{"href":"https:\/\/schwimmen-vfrsimmern.de\/index.php\/wp-json\/wp\/v2\/media?parent=5619"}],"wp:term":[{"taxonomy":"category","embeddable":true,"href":"https:\/\/schwimmen-vfrsimmern.de\/index.php\/wp-json\/wp\/v2\/categories?post=5619"},{"taxonomy":"post_tag","embeddable":true,"href":"https:\/\/schwimmen-vfrsimmern.de\/index.php\/wp-json\/wp\/v2\/tags?post=5619"}],"curies":[{"name":"wp","href":"https:\/\/api.w.org\/{rel}","templated":true}]}}