{"id":4939,"date":"2023-06-30T13:40:21","date_gmt":"2023-06-30T13:40:21","guid":{"rendered":"https:\/\/schwimmen-vfrsimmern.de\/?p=4939"},"modified":"2023-06-30T13:40:21","modified_gmt":"2023-06-30T13:40:21","slug":"40-peter-u-paul-schwimmfest-am-20-21-05-2023","status":"publish","type":"post","link":"https:\/\/schwimmen-vfrsimmern.de\/index.php\/2023\/06\/30\/40-peter-u-paul-schwimmfest-am-20-21-05-2023\/","title":{"rendered":"40. Peter u. Paul Schwimmfest am 20.\/21.05.2023"},"content":{"rendered":"\n<p>Beim 40. Peter und Paul Schwimmfest am 20.-21.05.2023 in&nbsp;Kordel, Eifel, gingen wir mit 20 aktiven Schwimmerinnen und Schwimmern erfolgreich an den Start. Wir belegten 23 erste, 16 zweite und 13 dritte Pl\u00e4tze. Im&nbsp;Finale der 50m Strecken der Jahrg\u00e4nge (Jg.) 2009 und \u00e4lter erreichte Lilli Bender&nbsp;\u00fcber 50m R&nbsp;Pl. 5 u.&nbsp;\u00fcber 50m F&nbsp;Pl. 2, Lina M\u00fcller&nbsp;\u00fcber 50m R Pl. 3, Jolina Simon&nbsp;\u00fcber 50m B Pl. 5 und \u00fcber 50m S Pl. 5, Levii Pilger&nbsp;\u00fcber 50m S Pl. 4 und Valentin Wei\u00df&nbsp;\u00fcber 50m R Pl. 6. In der Klasse der J\u00fcngsten (Jg, 2014-2010) schwamm Marlon Bohn (Jg. 12) im Finale \u00fcber 50m F auf Pl. 5.<\/p>\n<p>&nbsp;<\/p>\n\n\n","protected":false},"excerpt":{"rendered":"","protected":false},"author":4,"featured_media":0,"comment_status":"open","ping_status":"open","sticky":false,"template":"","format":"standard","meta":{"_bbp_topic_count":0,"_bbp_reply_count":0,"_bbp_total_topic_count":0,"_bbp_total_reply_count":0,"_bbp_voice_count":0,"_bbp_anonymous_reply_count":0,"_bbp_topic_count_hidden":0,"_bbp_reply_count_hidden":0,"_bbp_forum_subforum_count":0,"footnotes":""},"categories":[109],"tags":[],"class_list":["post-4939","post","type-post","status-publish","format-standard","hentry","category-archiv-2023"],"_links":{"self":[{"href":"https:\/\/schwimmen-vfrsimmern.de\/index.php\/wp-json\/wp\/v2\/posts\/4939","targetHints":{"allow":["GET"]}}],"collection":[{"href":"https:\/\/schwimmen-vfrsimmern.de\/index.php\/wp-json\/wp\/v2\/posts"}],"about":[{"href":"https:\/\/schwimmen-vfrsimmern.de\/index.php\/wp-json\/wp\/v2\/types\/post"}],"author":[{"embeddable":true,"href":"https:\/\/schwimmen-vfrsimmern.de\/index.php\/wp-json\/wp\/v2\/users\/4"}],"replies":[{"embeddable":true,"href":"https:\/\/schwimmen-vfrsimmern.de\/index.php\/wp-json\/wp\/v2\/comments?post=4939"}],"version-history":[{"count":0,"href":"https:\/\/schwimmen-vfrsimmern.de\/index.php\/wp-json\/wp\/v2\/posts\/4939\/revisions"}],"wp:attachment":[{"href":"https:\/\/schwimmen-vfrsimmern.de\/index.php\/wp-json\/wp\/v2\/media?parent=4939"}],"wp:term":[{"taxonomy":"category","embeddable":true,"href":"https:\/\/schwimmen-vfrsimmern.de\/index.php\/wp-json\/wp\/v2\/categories?post=4939"},{"taxonomy":"post_tag","embeddable":true,"href":"https:\/\/schwimmen-vfrsimmern.de\/index.php\/wp-json\/wp\/v2\/tags?post=4939"}],"curies":[{"name":"wp","href":"https:\/\/api.w.org\/{rel}","templated":true}]}}