{"id":4481,"date":"2022-07-02T15:01:10","date_gmt":"2022-07-02T15:01:10","guid":{"rendered":"https:\/\/schwimmen-vfrsimmern.de\/?p=4481"},"modified":"2022-07-02T15:01:10","modified_gmt":"2022-07-02T15:01:10","slug":"abteilungsversammlung-am-11-juli-2022","status":"publish","type":"post","link":"https:\/\/schwimmen-vfrsimmern.de\/index.php\/2022\/07\/02\/abteilungsversammlung-am-11-juli-2022\/","title":{"rendered":"Abteilungsversammlung am 11. Juli 2022"},"content":{"rendered":"\n<p><strong>Einladung zur Abteilungsversammlung<\/strong><\/p>\n<p>Wir laden alle Mitglieder der Schwimmabteilung des VfR Simmern zu einer Abteilungsversammlung ein.\u00a0<\/p>\n<p>Termin:\u00a0\u00a0\u00a0\u00a0\u00a0\u00a0\u00a0\u00a0\u00a0\u00a0\u00a0\u00a0\u00a0\u00a0\u00a0 \u00a0\u00a0\u00a0\u00a0\u00a0\u00a0 <strong>Montag, 11. Juli 2022<\/strong><\/p>\n<p>Uhrzeit:\u00a0\u00a0\u00a0\u00a0\u00a0\u00a0\u00a0\u00a0\u00a0\u00a0\u00a0\u00a0\u00a0\u00a0\u00a0 \u00a0\u00a0\u00a0\u00a0\u00a0\u00a0 <strong>19.00 Uhr<\/strong><\/p>\n<p>Veranstaltungsort: <strong>\u00a0\u00a0\u00a0\u00a0 Herzog-Johann-Gymnasium &#8211; Mehrzweckhalle<\/strong><\/p>\n<p><strong>\u00a0\u00a0\u00a0\u00a0\u00a0\u00a0\u00a0\u00a0\u00a0\u00a0\u00a0\u00a0\u00a0\u00a0\u00a0\u00a0\u00a0\u00a0\u00a0\u00a0\u00a0\u00a0\u00a0\u00a0\u00a0\u00a0\u00a0 \u00a0\u00a0\u00a0\u00a0\u00a0\u00a0 Am Flachsberg,<\/strong><strong>\u00a055469 Simmern<\/strong><\/p>\n<p><strong>\u00a0<\/strong><strong>Tagesordnungspunkte:<\/strong><\/p>\n<ol>\n<li><strong>\u00a0<\/strong>Begr\u00fc\u00dfung durch die Abteilungsleiterin<\/li>\n<li>Bericht der Abteilungsleiterin<\/li>\n<li>Bericht der Kassiererin<\/li>\n<li>Bericht der Kassenpr\u00fcfer<\/li>\n<li>Entlastung des Vorstandes<\/li>\n<li>Wahl Wahlleiter*in<\/li>\n<li>Wahlen f\u00fcr die Dauer von <strong>1 Jahr <\/strong>\n<ol>\n<li>Kassenpr\u00fcfer*in<\/li>\n<\/ol>\n<\/li>\n<li>Wahl f\u00fcr die Dauer von <strong>2 Jahren<\/strong>\n<ol>\n<li><strong style=\"font-size: revert; color: initial;\">\u00a0<\/strong><span style=\"font-size: revert; color: initial;\">Schriftf\u00fchrer*in<\/span><\/li>\n<li>drei Beisitzer*innen<\/li>\n<\/ol>\n<\/li>\n<\/ol>\n<p><strong>\u00a0<\/strong>Die Abteilungsleitung freut sich auf ein zahlreiches Erscheinen. Selbstverst\u00e4ndlich sind auch Schwimmer*innen herzlich willkommen. Ab dem Alter von 16 Jahren d\u00fcrfen diese auch selbst ihr Stimmrecht wahrnehmen. Bei j\u00fcngeren Schwimmer*innen ist stellvertretend ein Elternteil wahlberechtigt, auch wenn dieses nicht Mitglied des VfR Simmern ist.<\/p>\n<p>Mit sportlichem Gru\u00df<\/p>\n<p><strong>Die Abteilungsleitung<\/strong><\/p>\n","protected":false},"excerpt":{"rendered":"","protected":false},"author":4,"featured_media":0,"comment_status":"open","ping_status":"open","sticky":false,"template":"","format":"standard","meta":{"_bbp_topic_count":0,"_bbp_reply_count":0,"_bbp_total_topic_count":0,"_bbp_total_reply_count":0,"_bbp_voice_count":0,"_bbp_anonymous_reply_count":0,"_bbp_topic_count_hidden":0,"_bbp_reply_count_hidden":0,"_bbp_forum_subforum_count":0,"footnotes":""},"categories":[106],"tags":[],"class_list":["post-4481","post","type-post","status-publish","format-standard","hentry","category-archiv-2022-1"],"_links":{"self":[{"href":"https:\/\/schwimmen-vfrsimmern.de\/index.php\/wp-json\/wp\/v2\/posts\/4481","targetHints":{"allow":["GET"]}}],"collection":[{"href":"https:\/\/schwimmen-vfrsimmern.de\/index.php\/wp-json\/wp\/v2\/posts"}],"about":[{"href":"https:\/\/schwimmen-vfrsimmern.de\/index.php\/wp-json\/wp\/v2\/types\/post"}],"author":[{"embeddable":true,"href":"https:\/\/schwimmen-vfrsimmern.de\/index.php\/wp-json\/wp\/v2\/users\/4"}],"replies":[{"embeddable":true,"href":"https:\/\/schwimmen-vfrsimmern.de\/index.php\/wp-json\/wp\/v2\/comments?post=4481"}],"version-history":[{"count":0,"href":"https:\/\/schwimmen-vfrsimmern.de\/index.php\/wp-json\/wp\/v2\/posts\/4481\/revisions"}],"wp:attachment":[{"href":"https:\/\/schwimmen-vfrsimmern.de\/index.php\/wp-json\/wp\/v2\/media?parent=4481"}],"wp:term":[{"taxonomy":"category","embeddable":true,"href":"https:\/\/schwimmen-vfrsimmern.de\/index.php\/wp-json\/wp\/v2\/categories?post=4481"},{"taxonomy":"post_tag","embeddable":true,"href":"https:\/\/schwimmen-vfrsimmern.de\/index.php\/wp-json\/wp\/v2\/tags?post=4481"}],"curies":[{"name":"wp","href":"https:\/\/api.w.org\/{rel}","templated":true}]}}