{"id":4442,"date":"2022-03-29T19:08:48","date_gmt":"2022-03-29T19:08:48","guid":{"rendered":"https:\/\/schwimmen-vfrsimmern.de\/?p=4442"},"modified":"2022-03-29T19:08:48","modified_gmt":"2022-03-29T19:08:48","slug":"persoenliche-rekorde-in-wetzlar","status":"publish","type":"post","link":"https:\/\/schwimmen-vfrsimmern.de\/index.php\/2022\/03\/29\/persoenliche-rekorde-in-wetzlar\/","title":{"rendered":"Pers\u00f6nliche Rekorde in Wetzlar"},"content":{"rendered":"\n<p>Dieses Mal ist es das 15. Fr\u00fchjahrschwimmfest des TV Wetzlar 2022, das die Simmerner Athletinnen und Athleten am 12. und 13. M\u00e4rz in die Ferne ziehen l\u00e4sst. Streng getrennt nach Altersgruppen war der Eintritt ins Europabad im Sportpark Wetzlar f\u00fcr elf Schwimmerinnen und sechs Schwimmer m\u00f6glich. An zwei Tagen pendelten die Fahrgemeinschaften der Eltern der Schwimmerinnen und Schwimmer zwischen Simmern und Wetzlar: Die j\u00fcngeren Jahrg\u00e4nge starteten vormittags, die \u00e4lteren nachmittags.<\/p>\n<p>\u201eSpringtime\u201c ist \u201eSwimtime\u201c \u2026 \u201eSchnuppert mal wieder Wetzlarer Wettkampfluft, erlebt den direkten sportlichen Vergleich und trefft Freunde und Bekannte die Eure Leidenschaft teilen. (\u2026 )Auf Euch warten acht 50 Meter Bahnen, elektronische Zeitmessung, ein erprobtes wettkampftaugliches Hygienekonzept (\u2026)\u201c So warb der TV Wetzlar und es war wirklich ein besonderes Erlebnis f\u00fcr die 17 Schwimmerinnen und Schwimmer wieder einmal bei einem gro\u00dfen Wettkampf und in einem Wettkampf mit den ganz Gro\u00dfen der Sportszene zu starten. Auch nutzten sie gerne das Meet and Great mit Autogrammstunde bei dem amtierenden Weltrekordhalter seit 01.07.2018 in 50 m Schmetterling, den Ukrainer Andrii Govorov sowie den niederl\u00e4ndischen Starschwimmern und\u00a0 Olympia-Teilnehmern Thom de Boer und Maarten Brzoskowski.<\/p>\n<p>Ein \u201edickes Lob f\u00fcr eure Leistungen\u201c kann schlie\u00dflich auch der Trainer Christoph Schwan den Schwimmerinnen und Schwimmern aussprechen, es wurden 91,2% pers\u00f6nliche Rekorde bei den 68 Einzelstarts erreicht.<\/p>\n<p><img decoding=\"async\" class=\"alignnone  wp-image-4447\" src=\"https:\/\/schwimmen-vfrsimmern.de\/wp-content\/uploads\/2022\/03\/IMG-20220314-WA0042-300x225.jpg\" alt=\"\" width=\"431\" height=\"323\" srcset=\"https:\/\/schwimmen-vfrsimmern.de\/wp-content\/uploads\/2022\/03\/IMG-20220314-WA0042-66x50.jpg 66w, https:\/\/schwimmen-vfrsimmern.de\/wp-content\/uploads\/2022\/03\/IMG-20220314-WA0042-177x133.jpg 177w, https:\/\/schwimmen-vfrsimmern.de\/wp-content\/uploads\/2022\/03\/IMG-20220314-WA0042-200x150.jpg 200w, https:\/\/schwimmen-vfrsimmern.de\/wp-content\/uploads\/2022\/03\/IMG-20220314-WA0042-300x225.jpg 300w, https:\/\/schwimmen-vfrsimmern.de\/wp-content\/uploads\/2022\/03\/IMG-20220314-WA0042-320x240.jpg 320w, https:\/\/schwimmen-vfrsimmern.de\/wp-content\/uploads\/2022\/03\/IMG-20220314-WA0042-400x300.jpg 400w, https:\/\/schwimmen-vfrsimmern.de\/wp-content\/uploads\/2022\/03\/IMG-20220314-WA0042-460x345.jpg 460w, https:\/\/schwimmen-vfrsimmern.de\/wp-content\/uploads\/2022\/03\/IMG-20220314-WA0042-540x405.jpg 540w, https:\/\/schwimmen-vfrsimmern.de\/wp-content\/uploads\/2022\/03\/IMG-20220314-WA0042-600x450.jpg 600w, https:\/\/schwimmen-vfrsimmern.de\/wp-content\/uploads\/2022\/03\/IMG-20220314-WA0042-669x502.jpg 669w, https:\/\/schwimmen-vfrsimmern.de\/wp-content\/uploads\/2022\/03\/IMG-20220314-WA0042-700x525.jpg 700w, https:\/\/schwimmen-vfrsimmern.de\/wp-content\/uploads\/2022\/03\/IMG-20220314-WA0042-768x576.jpg 768w, https:\/\/schwimmen-vfrsimmern.de\/wp-content\/uploads\/2022\/03\/IMG-20220314-WA0042-800x600.jpg 800w, https:\/\/schwimmen-vfrsimmern.de\/wp-content\/uploads\/2022\/03\/IMG-20220314-WA0042-940x705.jpg 940w, https:\/\/schwimmen-vfrsimmern.de\/wp-content\/uploads\/2022\/03\/IMG-20220314-WA0042-1024x768.jpg 1024w, https:\/\/schwimmen-vfrsimmern.de\/wp-content\/uploads\/2022\/03\/IMG-20220314-WA0042-1200x900.jpg 1200w, https:\/\/schwimmen-vfrsimmern.de\/wp-content\/uploads\/2022\/03\/IMG-20220314-WA0042-1536x1152.jpg 1536w\" sizes=\"(max-width: 431px) 100vw, 431px\" \/>\u00a0<\/p>\n<p>von links : Marit-Henrike Trapp, Valentin Wei\u00df, Levii Pilger und Ricarda Clemens<\/p>\n<p><img decoding=\"async\" class=\"alignnone  wp-image-4446\" src=\"https:\/\/schwimmen-vfrsimmern.de\/wp-content\/uploads\/2022\/03\/IMG-20220314-WA0041-300x225.jpg\" alt=\"\" width=\"431\" height=\"323\" srcset=\"https:\/\/schwimmen-vfrsimmern.de\/wp-content\/uploads\/2022\/03\/IMG-20220314-WA0041-66x50.jpg 66w, https:\/\/schwimmen-vfrsimmern.de\/wp-content\/uploads\/2022\/03\/IMG-20220314-WA0041-177x133.jpg 177w, https:\/\/schwimmen-vfrsimmern.de\/wp-content\/uploads\/2022\/03\/IMG-20220314-WA0041-200x150.jpg 200w, https:\/\/schwimmen-vfrsimmern.de\/wp-content\/uploads\/2022\/03\/IMG-20220314-WA0041-300x225.jpg 300w, https:\/\/schwimmen-vfrsimmern.de\/wp-content\/uploads\/2022\/03\/IMG-20220314-WA0041-320x240.jpg 320w, https:\/\/schwimmen-vfrsimmern.de\/wp-content\/uploads\/2022\/03\/IMG-20220314-WA0041-400x300.jpg 400w, https:\/\/schwimmen-vfrsimmern.de\/wp-content\/uploads\/2022\/03\/IMG-20220314-WA0041-460x345.jpg 460w, https:\/\/schwimmen-vfrsimmern.de\/wp-content\/uploads\/2022\/03\/IMG-20220314-WA0041-540x405.jpg 540w, https:\/\/schwimmen-vfrsimmern.de\/wp-content\/uploads\/2022\/03\/IMG-20220314-WA0041-600x450.jpg 600w, https:\/\/schwimmen-vfrsimmern.de\/wp-content\/uploads\/2022\/03\/IMG-20220314-WA0041-669x502.jpg 669w, https:\/\/schwimmen-vfrsimmern.de\/wp-content\/uploads\/2022\/03\/IMG-20220314-WA0041-700x525.jpg 700w, https:\/\/schwimmen-vfrsimmern.de\/wp-content\/uploads\/2022\/03\/IMG-20220314-WA0041-768x576.jpg 768w, https:\/\/schwimmen-vfrsimmern.de\/wp-content\/uploads\/2022\/03\/IMG-20220314-WA0041-800x600.jpg 800w, https:\/\/schwimmen-vfrsimmern.de\/wp-content\/uploads\/2022\/03\/IMG-20220314-WA0041-940x705.jpg 940w, https:\/\/schwimmen-vfrsimmern.de\/wp-content\/uploads\/2022\/03\/IMG-20220314-WA0041-1024x768.jpg 1024w, https:\/\/schwimmen-vfrsimmern.de\/wp-content\/uploads\/2022\/03\/IMG-20220314-WA0041-1200x900.jpg 1200w, https:\/\/schwimmen-vfrsimmern.de\/wp-content\/uploads\/2022\/03\/IMG-20220314-WA0041-1536x1152.jpg 1536w\" sizes=\"(max-width: 431px) 100vw, 431px\" \/><\/p>\n<p>von links nach rechts hinten: Franziska Schlenz (Trainerin), Lena Hoffmann, Lilli Bender, Jan-Arne Baumg\u00e4rtner, Lina D\u00e4mgen, Christoph Schwan (Trainer)<\/p>\n<p>von links nach rechts vorne: Lina M\u00fcller, Alina Huhn, Jule Huhn, Mauritz Trapp<\/p>\n<p>\u00a0<\/p>\n<p>\u00a0<\/p>\n<p>\u00a0<\/p>\n<p>\u00a0<\/p>\n","protected":false},"excerpt":{"rendered":"","protected":false},"author":4,"featured_media":0,"comment_status":"open","ping_status":"open","sticky":false,"template":"","format":"standard","meta":{"_bbp_topic_count":0,"_bbp_reply_count":0,"_bbp_total_topic_count":0,"_bbp_total_reply_count":0,"_bbp_voice_count":0,"_bbp_anonymous_reply_count":0,"_bbp_topic_count_hidden":0,"_bbp_reply_count_hidden":0,"_bbp_forum_subforum_count":0,"footnotes":""},"categories":[106],"tags":[],"class_list":["post-4442","post","type-post","status-publish","format-standard","hentry","category-archiv-2022-1"],"_links":{"self":[{"href":"https:\/\/schwimmen-vfrsimmern.de\/index.php\/wp-json\/wp\/v2\/posts\/4442","targetHints":{"allow":["GET"]}}],"collection":[{"href":"https:\/\/schwimmen-vfrsimmern.de\/index.php\/wp-json\/wp\/v2\/posts"}],"about":[{"href":"https:\/\/schwimmen-vfrsimmern.de\/index.php\/wp-json\/wp\/v2\/types\/post"}],"author":[{"embeddable":true,"href":"https:\/\/schwimmen-vfrsimmern.de\/index.php\/wp-json\/wp\/v2\/users\/4"}],"replies":[{"embeddable":true,"href":"https:\/\/schwimmen-vfrsimmern.de\/index.php\/wp-json\/wp\/v2\/comments?post=4442"}],"version-history":[{"count":0,"href":"https:\/\/schwimmen-vfrsimmern.de\/index.php\/wp-json\/wp\/v2\/posts\/4442\/revisions"}],"wp:attachment":[{"href":"https:\/\/schwimmen-vfrsimmern.de\/index.php\/wp-json\/wp\/v2\/media?parent=4442"}],"wp:term":[{"taxonomy":"category","embeddable":true,"href":"https:\/\/schwimmen-vfrsimmern.de\/index.php\/wp-json\/wp\/v2\/categories?post=4442"},{"taxonomy":"post_tag","embeddable":true,"href":"https:\/\/schwimmen-vfrsimmern.de\/index.php\/wp-json\/wp\/v2\/tags?post=4442"}],"curies":[{"name":"wp","href":"https:\/\/api.w.org\/{rel}","templated":true}]}}