{"id":4253,"date":"2021-08-30T13:15:00","date_gmt":"2021-08-30T13:15:00","guid":{"rendered":"https:\/\/schwimmen-vfrsimmern.de\/?p=4253"},"modified":"2021-08-30T13:15:00","modified_gmt":"2021-08-30T13:15:00","slug":"abteilungsversammlung-am-07-09-2021","status":"publish","type":"post","link":"https:\/\/schwimmen-vfrsimmern.de\/index.php\/2021\/08\/30\/abteilungsversammlung-am-07-09-2021\/","title":{"rendered":"Abteilungsversammlung am 07.09.2021"},"content":{"rendered":"\n<p><strong>Einladung zur Abteilungsversammlung<\/strong><\/p>\n<p>Wir laden alle Mitglieder der Schwimmabteilung des VfR Simmern zu einer Abteilungsversammlung ein.\u00a0<\/p>\n<p>Termin:\u00a0\u00a0\u00a0\u00a0\u00a0\u00a0\u00a0\u00a0\u00a0\u00a0\u00a0\u00a0\u00a0\u00a0\u00a0\u00a0 <strong>Dienstag, 07.09.2021<\/strong><\/p>\n<p>Uhrzeit:\u00a0\u00a0\u00a0\u00a0\u00a0\u00a0\u00a0\u00a0\u00a0\u00a0\u00a0\u00a0\u00a0\u00a0\u00a0\u00a0 <strong>18.00 Uhr<\/strong><\/p>\n<p>Veranstaltungsort: <strong>Soonblickhalle Riesweiler, <\/strong><strong>\u00a055499 Riesweiler<\/strong><\/p>\n<p><strong>\u00a0<\/strong><strong>Tagesordnungspunkte:<\/strong><\/p>\n<ol>\n<li>Begr\u00fc\u00dfung der Versammlung durch die Abteilungsleiterin<\/li>\n<li>Bericht der Abteilungsleiterin<\/li>\n<li>Bericht der Kassiererin<\/li>\n<li>Bericht der Kassenpr\u00fcfer<\/li>\n<li>Entlastung des Vorstandes<\/li>\n<li>Wahl des Wahlleiters<\/li>\n<li>Wahlen f\u00fcr die Dauer von <strong>1 Jahr<\/strong>\n<ol style=\"list-style-type: lower-alpha;\">\n<li>Kassenpr\u00fcfer*in<\/li>\n<\/ol>\n<\/li>\n<li>Wahlen f\u00fcr die Dauer von <strong>2 Jahren<\/strong>\n<ol style=\"list-style-type: lower-alpha;\">\n<li>\u00a0Abteilungsleiter*in<\/li>\n<li>Kassierer*in<\/li>\n<li>Beisitzer*innen<\/li>\n<\/ol>\n<\/li>\n<li><strong>\u00a0<\/strong><span style=\"color: initial;\">sonstiges<\/span><\/li>\n<\/ol>\n<p>Die Abteilungsleitung w\u00fcrde sich \u00fcber zahlreiches Erscheinen freuen. Selbstverst\u00e4ndlich sind auch Schwimmer*innen herzlich willkommen. Ab dem Alter von 16 Jahren d\u00fcrfen diese auch selbst ihr Stimmrecht wahrnehmen. Bei j\u00fcngeren Schwimmer*innen darf stellvertretend ein \u00a0Elternteil w\u00e4hlen, auch wenn dieses nicht Mitglied des VfR Simmern ist.<\/p>\n<p>Mit sportlichem Gru\u00df<\/p>\n<p><strong>Die Abteilungsleitung<\/strong><\/p>\n","protected":false},"excerpt":{"rendered":"","protected":false},"author":4,"featured_media":0,"comment_status":"open","ping_status":"open","sticky":false,"template":"","format":"standard","meta":{"_bbp_topic_count":0,"_bbp_reply_count":0,"_bbp_total_topic_count":0,"_bbp_total_reply_count":0,"_bbp_voice_count":0,"_bbp_anonymous_reply_count":0,"_bbp_topic_count_hidden":0,"_bbp_reply_count_hidden":0,"_bbp_forum_subforum_count":0,"footnotes":""},"categories":[101],"tags":[],"class_list":["post-4253","post","type-post","status-publish","format-standard","hentry","category-archiv-2021-2"],"_links":{"self":[{"href":"https:\/\/schwimmen-vfrsimmern.de\/index.php\/wp-json\/wp\/v2\/posts\/4253","targetHints":{"allow":["GET"]}}],"collection":[{"href":"https:\/\/schwimmen-vfrsimmern.de\/index.php\/wp-json\/wp\/v2\/posts"}],"about":[{"href":"https:\/\/schwimmen-vfrsimmern.de\/index.php\/wp-json\/wp\/v2\/types\/post"}],"author":[{"embeddable":true,"href":"https:\/\/schwimmen-vfrsimmern.de\/index.php\/wp-json\/wp\/v2\/users\/4"}],"replies":[{"embeddable":true,"href":"https:\/\/schwimmen-vfrsimmern.de\/index.php\/wp-json\/wp\/v2\/comments?post=4253"}],"version-history":[{"count":0,"href":"https:\/\/schwimmen-vfrsimmern.de\/index.php\/wp-json\/wp\/v2\/posts\/4253\/revisions"}],"wp:attachment":[{"href":"https:\/\/schwimmen-vfrsimmern.de\/index.php\/wp-json\/wp\/v2\/media?parent=4253"}],"wp:term":[{"taxonomy":"category","embeddable":true,"href":"https:\/\/schwimmen-vfrsimmern.de\/index.php\/wp-json\/wp\/v2\/categories?post=4253"},{"taxonomy":"post_tag","embeddable":true,"href":"https:\/\/schwimmen-vfrsimmern.de\/index.php\/wp-json\/wp\/v2\/tags?post=4253"}],"curies":[{"name":"wp","href":"https:\/\/api.w.org\/{rel}","templated":true}]}}