{"id":3389,"date":"2017-02-12T15:54:53","date_gmt":"2017-02-12T15:54:53","guid":{"rendered":"https:\/\/schwimmen-vfrsimmern.de\/?p=3389"},"modified":"2017-02-12T15:54:53","modified_gmt":"2017-02-12T15:54:53","slug":"dms-bad-kreuznach-5-2","status":"publish","type":"post","link":"https:\/\/schwimmen-vfrsimmern.de\/index.php\/2017\/02\/12\/dms-bad-kreuznach-5-2\/","title":{"rendered":"DMS Bad Kreuznach 5.2."},"content":{"rendered":"<p>Hallo,<\/p>\n<p>hier kommt das Protokoll. Einen entsprechenden Artikel findet ihr ja bereits in der Zeitung.<\/p>\n<p>Die Frauen belegten den 5. Platz, die M\u00e4nner den 2. Platz.<\/p>\n<p>Leider enth\u00e4lt das Protokoll einen Fehler, der nicht mehr korrigiert werden kann. Anstelle von Andreas W\u00fcrtz ist Jan Arne Baumg\u00e4rtner die 200m Lagen geschwommen.<\/p>\n<p><a href=\"https:\/\/schwimmen-vfrsimmern.de\/wp-content\/uploads\/2017\/02\/DMS.pdf\">DMS<\/a><\/p>\n<p><a href=\"https:\/\/schwimmen-vfrsimmern.de\/wp-content\/uploads\/2017\/02\/Protokoll_DMS_SVR_17.pdf\">Protokoll_DMS_SVR_17<\/a><\/p>\n","protected":false},"excerpt":{"rendered":"<p>Hallo, hier kommt das Protokoll. Einen entsprechenden Artikel findet ihr  [&#8230;]<\/p>\n","protected":false},"author":3,"featured_media":0,"comment_status":"open","ping_status":"open","sticky":false,"template":"","format":"standard","meta":{"_bbp_topic_count":0,"_bbp_reply_count":0,"_bbp_total_topic_count":0,"_bbp_total_reply_count":0,"_bbp_voice_count":0,"_bbp_anonymous_reply_count":0,"_bbp_topic_count_hidden":0,"_bbp_reply_count_hidden":0,"_bbp_forum_subforum_count":0,"footnotes":""},"categories":[102],"tags":[],"class_list":["post-3389","post","type-post","status-publish","format-standard","hentry","category-archiv-2017"],"_links":{"self":[{"href":"https:\/\/schwimmen-vfrsimmern.de\/index.php\/wp-json\/wp\/v2\/posts\/3389","targetHints":{"allow":["GET"]}}],"collection":[{"href":"https:\/\/schwimmen-vfrsimmern.de\/index.php\/wp-json\/wp\/v2\/posts"}],"about":[{"href":"https:\/\/schwimmen-vfrsimmern.de\/index.php\/wp-json\/wp\/v2\/types\/post"}],"author":[{"embeddable":true,"href":"https:\/\/schwimmen-vfrsimmern.de\/index.php\/wp-json\/wp\/v2\/users\/3"}],"replies":[{"embeddable":true,"href":"https:\/\/schwimmen-vfrsimmern.de\/index.php\/wp-json\/wp\/v2\/comments?post=3389"}],"version-history":[{"count":0,"href":"https:\/\/schwimmen-vfrsimmern.de\/index.php\/wp-json\/wp\/v2\/posts\/3389\/revisions"}],"wp:attachment":[{"href":"https:\/\/schwimmen-vfrsimmern.de\/index.php\/wp-json\/wp\/v2\/media?parent=3389"}],"wp:term":[{"taxonomy":"category","embeddable":true,"href":"https:\/\/schwimmen-vfrsimmern.de\/index.php\/wp-json\/wp\/v2\/categories?post=3389"},{"taxonomy":"post_tag","embeddable":true,"href":"https:\/\/schwimmen-vfrsimmern.de\/index.php\/wp-json\/wp\/v2\/tags?post=3389"}],"curies":[{"name":"wp","href":"https:\/\/api.w.org\/{rel}","templated":true}]}}